{"id":1971,"date":"2022-11-14T12:45:26","date_gmt":"2022-11-14T11:45:26","guid":{"rendered":"https:\/\/content-marketing-by.schwarzer.de\/blog\/?p=1971"},"modified":"2022-11-14T13:06:37","modified_gmt":"2022-11-14T12:06:37","slug":"facebook-vor-tiktok","status":"publish","type":"post","link":"https:\/\/content-marketing-by.schwarzer.de\/blog\/facebook-vor-tiktok\/","title":{"rendered":"Facebook f\u00fchrt vor Tiktok: wer h\u00e4tte das gedacht?"},"content":{"rendered":"<p><!-- <ezTOC> -->Die ARD\/ZDF Onlinestudie 2022 bringt einige sehr interessante Fakten an den Tag. Die t\u00e4gliche Internetnutzung erreicht mit 80% den h\u00f6chsten jemals erzielten Wert (+4% gg\u00fc 2021). Besonders Personen ab 70 Jahren haben massiv zugelegt: ihre Quote f\u00fcr die t\u00e4gliche Internetnutzung stieg von 29% (2018) auf 51% (2022).<br \/>\n<!--more--><\/p>\n<h2>Bis zu 5 Stunden Medienkonsum t\u00e4glich!<\/h2>\n<p>160 Minuten Medieninhalte und Streams werden t\u00e4glich konsumiert. Das sind 24 Minuten mehr wie im Vorjahr. Auf Video entfallen davon 76 Minuten, bei Audio sind es noch erstaunliche 63 Minuten. Vor allem bei J\u00fcngeren erreicht der t\u00e4gliche Medienkonsum fast f\u00fcnf Stunden!<\/p>\n<h2>Digitale Tagesreichweite erreicht 72%<\/h2>\n<p>Damit steigt die Tagesreichweite f\u00fcr die mediale Internetnutzung zum ersten Mal auf 72 Prozent (das sind 17 Prozentpunkte mehr als im Vorjahr). Bei den 14- bis 29-J\u00e4hrigen liegt die Quote sogar bei 88 Prozent. Die Tagesreichweite bei Audio liegt im Vergleich dazu bei nur 42 Prozent, f\u00fcr Text bei 45 Prozent.<\/p>\n<p>Der Podcast hat sich dabei einen festen Platz erobert. er liegt immerhin bei 30% Anteil im Bereich Audio.<\/p>\n<h2>Netflix hat bei der Video-Reichweite die Nase vorn.<\/h2>\n<p>Bei der w\u00f6chentlichen Video-Nutzung liegt Netflix mit 35 Prozent der Menschen deutlich vor Amazon Prime Video mit nur 26 Prozent, Disney+ mit 12 Prozent und Sky mit 11 Prozent.<\/p>\n<h2>Facebook immer noch deutlich vor Tiktok<\/h2>\n<p>Social Media ist nach wie vor die Dom\u00e4ne von Facebook. 35% der Nutzer gaben an, einmal w\u00f6chentlich auf Facebook aktiv zu sein. Auf Instagram sind nur 31% der Nutzer w\u00f6chentlich aktiv, weit abgeschlagen liegen Tiktok mit 14 Prozent und Snapchat mit 13 Prozent.<\/p>\n<p>Betrachtet man die Altersschichten, sieht es nochmals anders aus. Die unter 30-J\u00e4hrigen sind klar bei Instagram abonniert (74 Prozent). Dagegen liegen Snapchat (47 Prozent), TikTok (44 Prozent) und Facebook (42 Prozent) deutlich abgeschlagen.<\/p>\n<p>In der Altersgruppe von 30 bis 49 Jahren liegt Facebook deutlich vor Instagram, TikTok, Twitter, Pinterest und Snapchat. Dar\u00fcber verliert Social Media an Bedeutung.<\/p>\n<p>Quellen: <a href=\"https:\/\/www.ard-media.de\/media-perspektiven\/studien\/ardzdf-onlinestudie\/\">ARD\/ZDF Onlinestudie 2022<\/a><!-- <\/ezTOC> --><\/p>\n","protected":false},"excerpt":{"rendered":"<p>Die ARD\/ZDF Onlinestudie 2022 bringt einige sehr interessante Fakten an den Tag. Die t\u00e4gliche Internetnutzung erreicht mit 80% den h\u00f6chsten [&hellip;]<\/p>\n","protected":false},"author":2,"featured_media":1975,"comment_status":"open","ping_status":"open","sticky":false,"template":"","format":"standard","meta":[],"categories":[1],"tags":[],"features_image":"https:\/\/content-marketing-by.schwarzer.de\/blog\/wp-content\/uploads\/2022\/11\/facebook-vor-tiktok.jpg","rk_cat":null,"rk_date":"14.11.2022","yoast_head":"<!-- This site is optimized with the Yoast SEO plugin v18.1 - https:\/\/yoast.com\/wordpress\/plugins\/seo\/ -->\n<title>Facebook f\u00fchrt vor Tiktok: wer h\u00e4tte das gedacht? - Content-Marketing by schwarzer.de<\/title>\n<meta name=\"robots\" content=\"index, follow, max-snippet:-1, max-image-preview:large, max-video-preview:-1\" \/>\n<link rel=\"canonical\" href=\"https:\/\/content-marketing-by.schwarzer.de\/blog\/facebook-vor-tiktok\/\" \/>\n<meta property=\"og:locale\" content=\"de_DE\" \/>\n<meta property=\"og:type\" content=\"article\" \/>\n<meta property=\"og:title\" content=\"Facebook f\u00fchrt vor Tiktok: wer h\u00e4tte das gedacht? - Content-Marketing by schwarzer.de\" \/>\n<meta property=\"og:description\" content=\"Die ARD\/ZDF Onlinestudie 2022 bringt einige sehr interessante Fakten an den Tag. Die t\u00e4gliche Internetnutzung erreicht mit 80% den h\u00f6chsten [&hellip;]\" \/>\n<meta property=\"og:url\" content=\"https:\/\/content-marketing-by.schwarzer.de\/blog\/facebook-vor-tiktok\/\" \/>\n<meta property=\"og:site_name\" content=\"Content-Marketing by schwarzer.de\" \/>\n<meta property=\"article:published_time\" content=\"2022-11-14T11:45:26+00:00\" \/>\n<meta property=\"article:modified_time\" content=\"2022-11-14T12:06:37+00:00\" \/>\n<meta property=\"og:image\" content=\"https:\/\/content-marketing-by.schwarzer.de\/blog\/wp-content\/uploads\/2022\/11\/facebook-vor-tiktok.jpg\" \/>\n\t<meta property=\"og:image:width\" content=\"1080\" \/>\n\t<meta property=\"og:image:height\" content=\"400\" \/>\n\t<meta property=\"og:image:type\" content=\"image\/jpeg\" \/>\n<meta name=\"twitter:card\" content=\"summary_large_image\" \/>\n<meta name=\"twitter:label1\" content=\"Verfasst von\" \/>\n\t<meta name=\"twitter:data1\" content=\"Hans-J\u00fcrgen Schwarzer\" \/>\n\t<meta name=\"twitter:label2\" content=\"Gesch\u00e4tzte Lesezeit\" \/>\n\t<meta name=\"twitter:data2\" content=\"2 Minuten\" \/>\n<script type=\"application\/ld+json\" class=\"yoast-schema-graph\">{\"@context\":\"https:\/\/schema.org\",\"@graph\":[{\"@type\":\"WebSite\",\"@id\":\"https:\/\/content-marketing-by.schwarzer.de\/blog\/#website\",\"url\":\"https:\/\/content-marketing-by.schwarzer.de\/blog\/\",\"name\":\"Content-Marketing by schwarzer.de\",\"description\":\"\",\"potentialAction\":[{\"@type\":\"SearchAction\",\"target\":{\"@type\":\"EntryPoint\",\"urlTemplate\":\"https:\/\/content-marketing-by.schwarzer.de\/blog\/?s={search_term_string}\"},\"query-input\":\"required name=search_term_string\"}],\"inLanguage\":\"de-DE\"},{\"@type\":\"ImageObject\",\"@id\":\"https:\/\/content-marketing-by.schwarzer.de\/blog\/facebook-vor-tiktok\/#primaryimage\",\"inLanguage\":\"de-DE\",\"url\":\"https:\/\/content-marketing-by.schwarzer.de\/blog\/wp-content\/uploads\/2022\/11\/facebook-vor-tiktok.jpg\",\"contentUrl\":\"https:\/\/content-marketing-by.schwarzer.de\/blog\/wp-content\/uploads\/2022\/11\/facebook-vor-tiktok.jpg\",\"width\":1080,\"height\":400,\"caption\":\"Facebook f\u00fchrt vor Tiktok: wer h\u00e4tte das gedacht?\"},{\"@type\":\"WebPage\",\"@id\":\"https:\/\/content-marketing-by.schwarzer.de\/blog\/facebook-vor-tiktok\/#webpage\",\"url\":\"https:\/\/content-marketing-by.schwarzer.de\/blog\/facebook-vor-tiktok\/\",\"name\":\"Facebook f\u00fchrt vor Tiktok: wer h\u00e4tte das gedacht? - Content-Marketing by schwarzer.de\",\"isPartOf\":{\"@id\":\"https:\/\/content-marketing-by.schwarzer.de\/blog\/#website\"},\"primaryImageOfPage\":{\"@id\":\"https:\/\/content-marketing-by.schwarzer.de\/blog\/facebook-vor-tiktok\/#primaryimage\"},\"datePublished\":\"2022-11-14T11:45:26+00:00\",\"dateModified\":\"2022-11-14T12:06:37+00:00\",\"author\":{\"@id\":\"https:\/\/content-marketing-by.schwarzer.de\/blog\/#\/schema\/person\/445e1171b01f04587859f26829fcdf75\"},\"breadcrumb\":{\"@id\":\"https:\/\/content-marketing-by.schwarzer.de\/blog\/facebook-vor-tiktok\/#breadcrumb\"},\"inLanguage\":\"de-DE\",\"potentialAction\":[{\"@type\":\"ReadAction\",\"target\":[\"https:\/\/content-marketing-by.schwarzer.de\/blog\/facebook-vor-tiktok\/\"]}]},{\"@type\":\"BreadcrumbList\",\"@id\":\"https:\/\/content-marketing-by.schwarzer.de\/blog\/facebook-vor-tiktok\/#breadcrumb\",\"itemListElement\":[{\"@type\":\"ListItem\",\"position\":1,\"name\":\"Startseite\",\"item\":\"https:\/\/content-marketing-by.schwarzer.de\/blog\/\"},{\"@type\":\"ListItem\",\"position\":2,\"name\":\"Facebook f\u00fchrt vor Tiktok: wer h\u00e4tte das gedacht?\"}]},{\"@type\":\"Person\",\"@id\":\"https:\/\/content-marketing-by.schwarzer.de\/blog\/#\/schema\/person\/445e1171b01f04587859f26829fcdf75\",\"name\":\"Hans-J\u00fcrgen Schwarzer\",\"image\":{\"@type\":\"ImageObject\",\"@id\":\"https:\/\/content-marketing-by.schwarzer.de\/blog\/#personlogo\",\"inLanguage\":\"de-DE\",\"url\":\"https:\/\/secure.gravatar.com\/avatar\/2e9a54aaac87c32742c669aa0d5556c1?s=96&d=mm&r=g\",\"contentUrl\":\"https:\/\/secure.gravatar.com\/avatar\/2e9a54aaac87c32742c669aa0d5556c1?s=96&d=mm&r=g\",\"caption\":\"Hans-J\u00fcrgen Schwarzer\"},\"description\":\"Hans-J\u00fcrgen Schwarzer leitet die Digital-Agentur schwarzer.de software + internet gmbh. Als Unternehmer und Verleger in Personalunion wie auch als leidenschaftlicher Blogger geh\u00f6rt er zu den Hauptautoren verschiedener Online-Magazine. Innerhalb seiner breiten Palette an Themen liegen dem Mainzer Lokalpatrioten dabei vermeintlich \u201eschr\u00e4ge\u201c Ideen und technische Novit\u00e4ten besonders am Herzen - Nerdstuff, wie es heute hei\u00dft.\",\"sameAs\":[\"http:\/\/www.schwarzer.de\"],\"url\":\"#\"}]}<\/script>\n<!-- \/ Yoast SEO plugin. -->","yoast_head_json":{"title":"Facebook f\u00fchrt vor Tiktok: wer h\u00e4tte das gedacht? - Content-Marketing by schwarzer.de","robots":{"index":"index","follow":"follow","max-snippet":"max-snippet:-1","max-image-preview":"max-image-preview:large","max-video-preview":"max-video-preview:-1"},"canonical":"https:\/\/content-marketing-by.schwarzer.de\/blog\/facebook-vor-tiktok\/","og_locale":"de_DE","og_type":"article","og_title":"Facebook f\u00fchrt vor Tiktok: wer h\u00e4tte das gedacht? - Content-Marketing by schwarzer.de","og_description":"Die ARD\/ZDF Onlinestudie 2022 bringt einige sehr interessante Fakten an den Tag. Die t\u00e4gliche Internetnutzung erreicht mit 80% den h\u00f6chsten [&hellip;]","og_url":"https:\/\/content-marketing-by.schwarzer.de\/blog\/facebook-vor-tiktok\/","og_site_name":"Content-Marketing by schwarzer.de","article_published_time":"2022-11-14T11:45:26+00:00","article_modified_time":"2022-11-14T12:06:37+00:00","og_image":[{"width":1080,"height":400,"url":"https:\/\/content-marketing-by.schwarzer.de\/blog\/wp-content\/uploads\/2022\/11\/facebook-vor-tiktok.jpg","type":"image\/jpeg"}],"twitter_card":"summary_large_image","twitter_misc":{"Verfasst von":"Hans-J\u00fcrgen Schwarzer","Gesch\u00e4tzte Lesezeit":"2 Minuten"},"schema":{"@context":"https:\/\/schema.org","@graph":[{"@type":"WebSite","@id":"https:\/\/content-marketing-by.schwarzer.de\/blog\/#website","url":"https:\/\/content-marketing-by.schwarzer.de\/blog\/","name":"Content-Marketing by schwarzer.de","description":"","potentialAction":[{"@type":"SearchAction","target":{"@type":"EntryPoint","urlTemplate":"https:\/\/content-marketing-by.schwarzer.de\/blog\/?s={search_term_string}"},"query-input":"required name=search_term_string"}],"inLanguage":"de-DE"},{"@type":"ImageObject","@id":"https:\/\/content-marketing-by.schwarzer.de\/blog\/facebook-vor-tiktok\/#primaryimage","inLanguage":"de-DE","url":"https:\/\/content-marketing-by.schwarzer.de\/blog\/wp-content\/uploads\/2022\/11\/facebook-vor-tiktok.jpg","contentUrl":"https:\/\/content-marketing-by.schwarzer.de\/blog\/wp-content\/uploads\/2022\/11\/facebook-vor-tiktok.jpg","width":1080,"height":400,"caption":"Facebook f\u00fchrt vor Tiktok: wer h\u00e4tte das gedacht?"},{"@type":"WebPage","@id":"https:\/\/content-marketing-by.schwarzer.de\/blog\/facebook-vor-tiktok\/#webpage","url":"https:\/\/content-marketing-by.schwarzer.de\/blog\/facebook-vor-tiktok\/","name":"Facebook f\u00fchrt vor Tiktok: wer h\u00e4tte das gedacht? - Content-Marketing by schwarzer.de","isPartOf":{"@id":"https:\/\/content-marketing-by.schwarzer.de\/blog\/#website"},"primaryImageOfPage":{"@id":"https:\/\/content-marketing-by.schwarzer.de\/blog\/facebook-vor-tiktok\/#primaryimage"},"datePublished":"2022-11-14T11:45:26+00:00","dateModified":"2022-11-14T12:06:37+00:00","author":{"@id":"https:\/\/content-marketing-by.schwarzer.de\/blog\/#\/schema\/person\/445e1171b01f04587859f26829fcdf75"},"breadcrumb":{"@id":"https:\/\/content-marketing-by.schwarzer.de\/blog\/facebook-vor-tiktok\/#breadcrumb"},"inLanguage":"de-DE","potentialAction":[{"@type":"ReadAction","target":["https:\/\/content-marketing-by.schwarzer.de\/blog\/facebook-vor-tiktok\/"]}]},{"@type":"BreadcrumbList","@id":"https:\/\/content-marketing-by.schwarzer.de\/blog\/facebook-vor-tiktok\/#breadcrumb","itemListElement":[{"@type":"ListItem","position":1,"name":"Startseite","item":"https:\/\/content-marketing-by.schwarzer.de\/blog\/"},{"@type":"ListItem","position":2,"name":"Facebook f\u00fchrt vor Tiktok: wer h\u00e4tte das gedacht?"}]},{"@type":"Person","@id":"https:\/\/content-marketing-by.schwarzer.de\/blog\/#\/schema\/person\/445e1171b01f04587859f26829fcdf75","name":"Hans-J\u00fcrgen Schwarzer","image":{"@type":"ImageObject","@id":"https:\/\/content-marketing-by.schwarzer.de\/blog\/#personlogo","inLanguage":"de-DE","url":"https:\/\/secure.gravatar.com\/avatar\/2e9a54aaac87c32742c669aa0d5556c1?s=96&d=mm&r=g","contentUrl":"https:\/\/secure.gravatar.com\/avatar\/2e9a54aaac87c32742c669aa0d5556c1?s=96&d=mm&r=g","caption":"Hans-J\u00fcrgen Schwarzer"},"description":"Hans-J\u00fcrgen Schwarzer leitet die Digital-Agentur schwarzer.de software + internet gmbh. Als Unternehmer und Verleger in Personalunion wie auch als leidenschaftlicher Blogger geh\u00f6rt er zu den Hauptautoren verschiedener Online-Magazine. Innerhalb seiner breiten Palette an Themen liegen dem Mainzer Lokalpatrioten dabei vermeintlich \u201eschr\u00e4ge\u201c Ideen und technische Novit\u00e4ten besonders am Herzen - Nerdstuff, wie es heute hei\u00dft.","sameAs":["http:\/\/www.schwarzer.de"],"url":"#"}]}},"_links":{"self":[{"href":"https:\/\/content-marketing-by.schwarzer.de\/blog\/wp-json\/wp\/v2\/posts\/1971"}],"collection":[{"href":"https:\/\/content-marketing-by.schwarzer.de\/blog\/wp-json\/wp\/v2\/posts"}],"about":[{"href":"https:\/\/content-marketing-by.schwarzer.de\/blog\/wp-json\/wp\/v2\/types\/post"}],"author":[{"embeddable":true,"href":"https:\/\/content-marketing-by.schwarzer.de\/blog\/wp-json\/wp\/v2\/users\/2"}],"replies":[{"embeddable":true,"href":"https:\/\/content-marketing-by.schwarzer.de\/blog\/wp-json\/wp\/v2\/comments?post=1971"}],"version-history":[{"count":4,"href":"https:\/\/content-marketing-by.schwarzer.de\/blog\/wp-json\/wp\/v2\/posts\/1971\/revisions"}],"predecessor-version":[{"id":1976,"href":"https:\/\/content-marketing-by.schwarzer.de\/blog\/wp-json\/wp\/v2\/posts\/1971\/revisions\/1976"}],"wp:featuredmedia":[{"embeddable":true,"href":"https:\/\/content-marketing-by.schwarzer.de\/blog\/wp-json\/wp\/v2\/media\/1975"}],"wp:attachment":[{"href":"https:\/\/content-marketing-by.schwarzer.de\/blog\/wp-json\/wp\/v2\/media?parent=1971"}],"wp:term":[{"taxonomy":"category","embeddable":true,"href":"https:\/\/content-marketing-by.schwarzer.de\/blog\/wp-json\/wp\/v2\/categories?post=1971"},{"taxonomy":"post_tag","embeddable":true,"href":"https:\/\/content-marketing-by.schwarzer.de\/blog\/wp-json\/wp\/v2\/tags?post=1971"}],"curies":[{"name":"wp","href":"https:\/\/api.w.org\/{rel}","templated":true}]}}